{"id":11,"date":"2021-08-31T19:45:57","date_gmt":"2021-08-31T17:45:57","guid":{"rendered":"https:\/\/esperalszczecin.local\/blog\/?p=11"},"modified":"2021-08-31T20:00:00","modified_gmt":"2021-08-31T18:00:00","slug":"problemy-z-pamiecia-u-alkoholika-poznaj-pierwsze-objawy","status":"publish","type":"post","link":"https:\/\/esperalchirurg.pl\/blog\/problemy-z-pamiecia-u-alkoholika-poznaj-pierwsze-objawy\/","title":{"rendered":"Problemy z pami\u0119ci\u0105 u alkoholika \u2013 poznaj pierwsze objawy"},"content":{"rendered":"\n<p class=\"wp-block-paragraph\">Dzi\u0119ki pami\u0119ci, podstawowej funkcji umys\u0142owej, cz\u0142owiek ma zdolno\u015b\u0107 do przechowywania i magazynowania wspomnie\u0144, wiadomo\u015bci, przywo\u0142ywania i wykorzystywania posiadanych informacji w sytuacji, kiedy zachodzi taka potrzeba. Wyr\u00f3\u017cnia si\u0119 kilka rodzaj\u00f3w pami\u0119ci. Pierwszym z nich jest typ sensoryczny, tzw. <em>pami\u0119\u0107 zmys\u0142\u00f3w. <\/em>Wyr\u00f3\u017cnia si\u0119 tak\u017ce pami\u0119\u0107 kr\u00f3tkotrwa\u0142\u0105 i d\u0142ugotrwa\u0142\u0105, a tak\u017ce \u015bwiadom\u0105 i nie\u015bwiadom\u0105.<\/p>\n\n\n\n<p class=\"wp-block-paragraph\">Pami\u0119\u0107 jest bardzo wa\u017cna, bez niej nie by\u0142o by mo\u017cliwe normalne funkcjonowanie. Mimo to w dalszym ci\u0105gu jej mechanizmy, dzia\u0142anie, a tak\u017ce o\u015brodki m\u00f3zgowe odpowiedzialne za prac\u0119 pami\u0119ci na ten moment nie s\u0105 jeszcze do ko\u0144ca odkryte i przebadane, zostawiaj\u0105c pole na liczne badania naukowe.<\/p>\n\n\n\n<p class=\"wp-block-paragraph\">&nbsp;Wato w tym miejscu skupi\u0107 si\u0119 na dw\u00f3ch najwa\u017cniejszych rodzajach pami\u0119ci, jak\u0105 jest pami\u0119\u0107 kr\u00f3tkotrwa\u0142a oraz pami\u0119\u0107 d\u0142ugotrwa\u0142a.<\/p>\n\n\n\n<p class=\"wp-block-paragraph\">W przypadku pami\u0119ci tzw. \u015bwie\u017cej, m\u00f3wi si\u0119, i\u017c jest ona zdolno\u015bci\u0105 cz\u0142owieka do kodowania tego, co w danej chwili odbierane jest przez zmys\u0142y. Tym samym jest to pami\u0119\u0107 robocza. Najcz\u0119\u015bciej to w\u0142a\u015bnie ten typ ulega destrukcjom i zaburzeniom wywo\u0142anym przez r\u00f3\u017cne choroby lub inne, silne bod\u017ace. Du\u017ce znaczenie dla pami\u0119ci kr\u00f3tkotrwa\u0142ej maj\u0105 impulsy elektryczne, kt\u00f3re przewodzone s\u0105 za pomoc\u0105 nerw\u00f3w. S\u0105 one przekszta\u0142cane na neuroprzeka\u017aniki, a nast\u0119pnie przekazuj\u0105 one impulsy do nast\u0119pnych neuron\u00f3w. Przeka\u017anikami chemicznymi kluczowymi w tym aspekcie jest acetylocholina oraz glutaminian. Za pomoc\u0105 pami\u0119ci kr\u00f3tkotrwa\u0142ej mo\u017cliwe jest uczenie si\u0119, a tak\u017ce zdobywanie nowych informacji. Za pomoc\u0105 ich przetwarzania i powtarzania (za co odpowiedzialny jest hipokamp) trafiaj\u0105 one w finale do pami\u0119ci d\u0142ugotrwa\u0142ej, gdzie pod postaci\u0105 engram\u00f3w bia\u0142kowych informacje docieraj\u0105 do o\u015brodk\u00f3w, gdzie zostaj\u0105 zmagazynowane. Tutaj nale\u017cy wyszczeg\u00f3lni\u0107 p\u0142at czo\u0142owy, skroniowy (pami\u0119\u0107 s\u0142uchowa), ciemieniowy (pami\u0119\u0107 czuciowa), a tak\u017ce potyliczny (pami\u0119\u0107 wzrokowa). Warto doda\u0107, \u017ce ze wzgl\u0119du na roz\u0142o\u017cenie pami\u0119ci d\u0142ugotrwa\u0142ej na rozleg\u0142ych powierzchniach kory m\u00f3zgowej, jest ona bardziej odporna na powstawanie zaburze\u0144 w jej aspekcie, ni\u017c pami\u0119\u0107 kr\u00f3tkotrwa\u0142a.<\/p>\n\n\n\n<p class=\"wp-block-paragraph\">Pami\u0119\u0107 d\u0142ugotrwa\u0142a tak\u017ce ma swoje rodzaje. Warto wyszczeg\u00f3lni\u0107 tutaj pami\u0119\u0107 deklaratywn\u0105 oraz proceduraln\u0105. Pierwszy typ umo\u017cliwia cz\u0142owiekowi wyja\u015bnienie czym jest dana rzecz lub zjawisko poprzez tworzenie opis\u00f3w, dob\u00f3r odpowiednich s\u0142\u00f3w i nazw. Jest to tak\u017ce rodzaj pami\u0119ci magazynuj\u0105cy wydarzenia. Drugi rodzaj pami\u0119ci d\u0142ugotrwa\u0142ej dotyczy podejmowanych i wykonywanych czynno\u015bci. Tym samym cz\u0142owiek zdolny jest do wykonywania wyuczonych operacji, poniewa\u017c wie, jak je wykona\u0107. Posiada on tak\u017ce zdolno\u015b\u0107 do tworzenia plan\u00f3w, rozwi\u0105zywania problem\u00f3w, a tak\u017ce podejmowania decyzji.<\/p>\n\n\n\n<p class=\"wp-block-paragraph\">Cech\u0105 charakterystyczn\u0105 osoby nadu\u017cywaj\u0105cej alkoholu jest stosowanie mechanizm\u00f3w obronnych, kt\u00f3re umo\u017cliwiaj\u0105 maskowanie si\u0119, dzi\u0119ki czemu otoczenie danej osoby przez d\u0142u\u017cszy czas mo\u017ce nie mie\u0107 \u015bwiadomo\u015bci rozwijaj\u0105cego si\u0119 problemu. Pierwszym sygna\u0142em, jaki powinien niepokoi\u0107 jest wykazywanie problem\u00f3w w obr\u0119bie pami\u0119ci kr\u00f3tkotrwa\u0142ej. Taka osoba nie jest w stanie okre\u015bli\u0107 co robi\u0142a lub co si\u0119 z ni\u0105 dzia\u0142o nawet kilka godzin temu. Warto zdiagnozowa\u0107 ten problem i si\u0119gn\u0105\u0107 porady specjalisty, aby zatrzyma\u0107 ten szkodliwy mechanizm, ty bardziej, \u017ce uszkodzony dzia\u0142aniem alkoholu m\u00f3zg mo\u017ce nie wr\u00f3ci\u0107 do swojej dawnej sprawno\u015bci.<\/p>\n\n\n\n<h2 class=\"wp-block-heading\"><strong>W jaki spos\u00f3b zmienia si\u0119 m\u00f3zg alkoholika?<\/strong><\/h2>\n\n\n\n<p class=\"wp-block-paragraph\">Nadmierne korzystanie z napoj\u00f3w odurzaj\u0105cych powoduje spadek obj\u0119to\u015bci substancji szarej w m\u00f3zgu. Mechanizm ten odbywa si\u0119 w \u015brodkowej korze przedczo\u0142owej, a tak\u017ce w strukturze anatomicznej m\u00f3zgu ulokowanej w g\u0142\u0119bi bruzdy bocznej. Posiada ona istotn\u0105 funkcj\u0119, reguluj\u0105c procesy kontroli poznawczej, decyzyjno\u015bci, emocjonalno\u015bci, a tak\u017ce w\u0142a\u015bnie pami\u0119ci. Co ciekawe, u cz\u0119\u015bci ludzi zaburzenia funkcjonowania m\u00f3zgu spowodowane s\u0105 przez brak odpowiedniej ilo\u015bci witamin. Kluczowa jest tutaj tiamina, czyli witamina B1, odpowiadaj\u0105ca za prawid\u0142owe dzia\u0142anie tego organu.<\/p>\n\n\n\n<h2 class=\"wp-block-heading\"><strong>Jak zmiany wp\u0142ywaj\u0105 na osob\u0119 uzale\u017cnion\u0105?<\/strong><\/h2>\n\n\n\n<p class=\"wp-block-paragraph\">Jednym z zaburze\u0144 powstaj\u0105cych m.in. ze wzgl\u0119du na brak witamin jest tzw. psychoza Korsakowa. Osoby posiadaj\u0105cy ten problem charakteryzuj\u0105 si\u0119 os\u0142abieniem, rozdra\u017cnieniem, problemem z przyswojeniem nowych informacji, zaburzeniami procesu uczenia si\u0119, co zwi\u0105zane jest z nieprawid\u0142owo\u015bciami w sferze pami\u0119ciowej. Dodatkowo zesp\u00f3\u0142 ten wp\u0142ywa na spos\u00f3b chodzenia, upo\u015bledzaj\u0105c koordynacj\u0119. Mimo, i\u017c psychoza Korsakowa mo\u017ce ust\u0105pi\u0107 po uzupe\u0142nieniu niedobor\u00f3w, to jednak jest to gro\u017ana choroba, prowadz\u0105ca nawet do \u015bmierci osoby uzale\u017cnionej.<\/p>\n\n\n\n<h2 class=\"wp-block-heading\"><strong>Pami\u0119\u0107 u alkoholika<\/strong><\/h2>\n\n\n\n<p class=\"wp-block-paragraph\">Jednym z objaw\u00f3w zatrucia alkoholowego jest utrata pami\u0119ci lub&nbsp; brak umiej\u0119tno\u015bci opowiedzenia prze\u017cytych zdarze\u0144 zgodnie z logicznym i chronologicznym ci\u0105giem wydarze\u0144. Wiele os\u00f3b, niekoniecznie alkoholik\u00f3w, ju\u017c po spo\u017cyciu stosunkowo niewielkiej ilo\u015bci napoj\u00f3w procentowych, wypijanych w kr\u00f3tkim czasie na pusty \u017co\u0142\u0105dek mo\u017ce spowodowa\u0107 luki w pami\u0119ci kr\u00f3tkotrwa\u0142ej, a nawet spowodowa\u0107 utrat\u0119 przytomno\u015bci. Nale\u017cy mie\u0107 \u015bwiadomo\u015b\u0107, \u017ce stopie\u0144 uszkodzenia m\u00f3zgu zale\u017cny jest od dawki spo\u017cytej substancji psychoaktywnej \u2013 im jest wy\u017csza, tym wi\u0119kszej degradacji ulega ten wa\u017cny organ.<\/p>\n\n\n\n<p class=\"wp-block-paragraph\">Co ciekawe, niewielkie ilo\u015bci u\u017cywki gro\u017ane s\u0105 tak\u017ce dla os\u00f3b uzale\u017cnionych. Jest to spowodowane tym, i\u017c organizm, w tym przypadku alkoholika, jest skrajnie wycie\u0144czony ci\u0105g\u0142\u0105 obecno\u015bci\u0105 toksyn, a dodatkowo obci\u0105\u017cony odwodnieniem i niedoborem witamin, minera\u0142\u00f3w i innych sk\u0142adnik\u00f3w od\u017cywczych, przez co \u0142atwiej poddaje si\u0119 szkodliwemu dzia\u0142aniu alkoholu. Tym samym, je\u017celi u danej osoby problemy z pami\u0119ci\u0105 kr\u00f3tkotrwa\u0142\u0105 wyst\u0119puj\u0105 w spos\u00f3b regularny, jest to ewidentnym sygna\u0142em o chronicznym nadu\u017cywaniu alkoholu. Przeprowadzone badania w\u015br\u00f3d grup alkoholik\u00f3w pokazuj\u0105, \u017ce osoby p\u0142ci \u017ce\u0144skiej s\u0105 bardziej podatne i nara\u017cone na zaniki pami\u0119ci, ni\u017c te p\u0142ci m\u0119skiej. Jest to spowodowane r\u00f3\u017cnicami metabolicznymi mi\u0119dzy kobietami, a m\u0119\u017cczyznami.<\/p>\n\n\n\n<h2 class=\"wp-block-heading\"><strong>Demencja alkoholowa \u2013 co to jest, jak diagnozowa\u0107 i jak leczy\u0107?<\/strong><\/h2>\n\n\n\n<p class=\"wp-block-paragraph\">Pogorszenie sprawno\u015bci umys\u0142owej w postaci demencji kojarzone jest g\u0142\u00f3wnie z osobami starszymi, jednak w przypadku schorzenia spowodowanego dzia\u0142aniem alkoholu nie ogranicza si\u0119 do ram wiekowych \u2013 bardzo cz\u0119sto mo\u017cna spotka\u0107 alkoholik\u00f3w w \u015brednim wieku posiadaj\u0105cy t\u0119 przypad\u0142o\u015b\u0107. Uznaje si\u0119, \u017ce w przypadku m\u0119\u017cczyzn spo\u017cywanie 50 lub wi\u0119cej jednostek alkoholu, a u kobiet 35 w ci\u0105gu tygodnia znacznie przyczynia si\u0119 do wyst\u0105pienia demencji. Warto doda\u0107, \u017ce jedna jednostka napoju wysokoprocentowego posada od 10 do 12,5 gram\u00f3w czystego etanolu. Tym samym, 50 jednostek to 28 p\u00f3\u0142litrowych piw lub oko\u0142o 7 butelek wina. W przypadku 35 jednostek b\u0119dzie to odpowiednio 20 du\u017cych piw i nieco mniej ni\u017c 5 butelek wina.<\/p>\n\n\n\n<p class=\"wp-block-paragraph\">Aby nie dopu\u015bci\u0107 do dalszego rozwoju demencji, a tym samym \u2013 uszkodze\u0144 m\u00f3zgu, nale\u017cy stanowczo odstawi\u0107 u\u017cywk\u0119 i jednocze\u015bnie uda\u0107 si\u0119 po pomoc specjalist\u00f3w, kt\u00f3rzy maj\u0105 do dyspozycji r\u00f3\u017cne narz\u0119dzia diagnostyczne, umo\u017cliwiaj\u0105ce weryfikacj\u0119 stopnia choroby. Dodatkowo, podejrzewaj\u0105c osob\u0119 blisk\u0105 o problemy z pami\u0119ci\u0105, mo\u017cna spr\u00f3bowa\u0107 na w\u0142asn\u0105 r\u0119k\u0119 przeprowadzi\u0107 proste testy. Dobrym pomys\u0142em jest tutaj np. poproszenie o przygotowanie posi\u0142ku i obserwowanie zachowania danej osoby. W takiej sytuacji warto rozproszy\u0107 osob\u0119 podejrzewan\u0105 o demencj\u0119, np. prosz\u0105c o pomoc przy innej (kr\u00f3tkiej) czynno\u015bci, jak podanie czego\u015b z kuchni. Je\u017celi taka osoba wr\u00f3ci do przygotowywania, najprawdopodobniej wszystko jest w porz\u0105dku. Je\u015bli jednak zajmie si\u0119 czym\u015b innym \u2013 warto zastanowi\u0107 si\u0119 nad profesjonaln\u0105 pomoc\u0105 dla takiej osoby, poniewa\u017c z du\u017c\u0105 doz\u0105 prawdopodobie\u0144stwa zmaga si\u0119 ona z problemami z pami\u0119ci\u0105 wywo\u0142anymi przez alkohol, a tym samym \u2013 przez uzale\u017cnienie.<\/p>\n\n\n\n<p class=\"wp-block-paragraph\">Podsumowuj\u0105c, etanol odpowiada za dysfunkcje pracy m\u00f3zgu, generuj\u0105c choroby i schorzenia. Pierwszym sygna\u0142em alarmowym s\u0105 zaniki pami\u0119ci kr\u00f3tkotrwa\u0142ej. Rozwijaj\u0105cy si\u0119 problem alkoholowy jest przyczyn\u0105 powstania demencji alkoholowej. Aby temu zapobiec nale\u017cy jak najszybciej skorzysta\u0107 z pomocy.<\/p>\n","protected":false},"excerpt":{"rendered":"<p>Dzi\u0119ki pami\u0119ci, podstawowej funkcji umys\u0142owej, cz\u0142owiek ma zdolno\u015b\u0107 do przechowywania i magazynowania wspomnie\u0144, wiadomo\u015bci, przywo\u0142ywania i wykorzystywania posiadanych informacji w sytuacji, kiedy zachodzi taka potrzeba. Wyr\u00f3\u017cnia si\u0119 kilka rodzaj\u00f3w pami\u0119ci. Pierwszym z nich jest typ sensoryczny, tzw. pami\u0119\u0107 zmys\u0142\u00f3w. Wyr\u00f3\u017cnia si\u0119 tak\u017ce pami\u0119\u0107 kr\u00f3tkotrwa\u0142\u0105 i d\u0142ugotrwa\u0142\u0105, a tak\u017ce \u015bwiadom\u0105 i nie\u015bwiadom\u0105. Pami\u0119\u0107 jest bardzo wa\u017cna, [&hellip;]<\/p>\n","protected":false},"author":1,"featured_media":17,"comment_status":"open","ping_status":"open","sticky":false,"template":"","format":"standard","meta":{"footnotes":""},"categories":[1],"tags":[],"class_list":["post-11","post","type-post","status-publish","format-standard","has-post-thumbnail","hentry","category-bez-kategorii"],"yoast_head":"<!-- This site is optimized with the Yoast SEO plugin v23.0 - https:\/\/yoast.com\/wordpress\/plugins\/seo\/ -->\n<title>Problemy z pami\u0119ci\u0105 u alkoholika \u2013 poznaj pierwsze objawy - Wszywka alkoholowa Esperal Szczecin<\/title>\n<meta name=\"description\" content=\"Demencja alkoholowa, zesp\u00f3\u0142 Korsakowa, a mo\u017ce uszkodzenia m\u00f3zgu? Jakie s\u0105 przyczyny problem\u00f3w z pami\u0119ci\u0105 u alkoholik\u00f3w? Jak je rozpozna\u0107 i pokona\u0107?\" \/>\n<meta name=\"robots\" content=\"index, follow, max-snippet:-1, max-image-preview:large, max-video-preview:-1\" \/>\n<link rel=\"canonical\" href=\"https:\/\/esperalchirurg.pl\/blog\/problemy-z-pamiecia-u-alkoholika-poznaj-pierwsze-objawy\/\" \/>\n<meta property=\"og:locale\" content=\"pl_PL\" \/>\n<meta property=\"og:type\" content=\"article\" \/>\n<meta property=\"og:title\" content=\"Problemy z pami\u0119ci\u0105 u alkoholika \u2013 poznaj pierwsze objawy - Wszywka alkoholowa Esperal Szczecin\" \/>\n<meta property=\"og:description\" content=\"Demencja alkoholowa, zesp\u00f3\u0142 Korsakowa, a mo\u017ce uszkodzenia m\u00f3zgu? Jakie s\u0105 przyczyny problem\u00f3w z pami\u0119ci\u0105 u alkoholik\u00f3w? Jak je rozpozna\u0107 i pokona\u0107?\" \/>\n<meta property=\"og:url\" content=\"https:\/\/esperalchirurg.pl\/blog\/problemy-z-pamiecia-u-alkoholika-poznaj-pierwsze-objawy\/\" \/>\n<meta property=\"og:site_name\" content=\"Wszywka alkoholowa Esperal Szczecin\" \/>\n<meta property=\"article:published_time\" content=\"2021-08-31T17:45:57+00:00\" \/>\n<meta property=\"article:modified_time\" content=\"2021-08-31T18:00:00+00:00\" \/>\n<meta property=\"og:image\" content=\"https:\/\/esperalchirurg.pl\/blog\/wp-content\/uploads\/2021\/08\/notebook-1939358_640.jpg\" \/>\n\t<meta property=\"og:image:width\" content=\"640\" \/>\n\t<meta property=\"og:image:height\" content=\"426\" \/>\n\t<meta property=\"og:image:type\" content=\"image\/jpeg\" \/>\n<meta name=\"author\" content=\"qwg\" \/>\n<meta name=\"twitter:card\" content=\"summary_large_image\" \/>\n<meta name=\"twitter:label1\" content=\"Napisane przez\" \/>\n\t<meta name=\"twitter:data1\" content=\"qwg\" \/>\n\t<meta name=\"twitter:label2\" content=\"Szacowany czas czytania\" \/>\n\t<meta name=\"twitter:data2\" content=\"5 minut\" \/>\n<script type=\"application\/ld+json\" class=\"yoast-schema-graph\">{\"@context\":\"https:\/\/schema.org\",\"@graph\":[{\"@type\":\"WebPage\",\"@id\":\"https:\/\/esperalchirurg.pl\/blog\/problemy-z-pamiecia-u-alkoholika-poznaj-pierwsze-objawy\/\",\"url\":\"https:\/\/esperalchirurg.pl\/blog\/problemy-z-pamiecia-u-alkoholika-poznaj-pierwsze-objawy\/\",\"name\":\"Problemy z pami\u0119ci\u0105 u alkoholika \u2013 poznaj pierwsze objawy - Wszywka alkoholowa Esperal Szczecin\",\"isPartOf\":{\"@id\":\"https:\/\/esperalchirurg.pl\/blog\/#website\"},\"primaryImageOfPage\":{\"@id\":\"https:\/\/esperalchirurg.pl\/blog\/problemy-z-pamiecia-u-alkoholika-poznaj-pierwsze-objawy\/#primaryimage\"},\"image\":{\"@id\":\"https:\/\/esperalchirurg.pl\/blog\/problemy-z-pamiecia-u-alkoholika-poznaj-pierwsze-objawy\/#primaryimage\"},\"thumbnailUrl\":\"https:\/\/esperalchirurg.pl\/blog\/wp-content\/uploads\/2021\/08\/notebook-1939358_640.jpg\",\"datePublished\":\"2021-08-31T17:45:57+00:00\",\"dateModified\":\"2021-08-31T18:00:00+00:00\",\"author\":{\"@id\":\"https:\/\/esperalchirurg.pl\/blog\/#\/schema\/person\/8badbad1d5b693085a9c6d7bec17cea5\"},\"description\":\"Demencja alkoholowa, zesp\u00f3\u0142 Korsakowa, a mo\u017ce uszkodzenia m\u00f3zgu? Jakie s\u0105 przyczyny problem\u00f3w z pami\u0119ci\u0105 u alkoholik\u00f3w? Jak je rozpozna\u0107 i pokona\u0107?\",\"inLanguage\":\"pl-PL\",\"potentialAction\":[{\"@type\":\"ReadAction\",\"target\":[\"https:\/\/esperalchirurg.pl\/blog\/problemy-z-pamiecia-u-alkoholika-poznaj-pierwsze-objawy\/\"]}]},{\"@type\":\"ImageObject\",\"inLanguage\":\"pl-PL\",\"@id\":\"https:\/\/esperalchirurg.pl\/blog\/problemy-z-pamiecia-u-alkoholika-poznaj-pierwsze-objawy\/#primaryimage\",\"url\":\"https:\/\/esperalchirurg.pl\/blog\/wp-content\/uploads\/2021\/08\/notebook-1939358_640.jpg\",\"contentUrl\":\"https:\/\/esperalchirurg.pl\/blog\/wp-content\/uploads\/2021\/08\/notebook-1939358_640.jpg\",\"width\":640,\"height\":426,\"caption\":\"Problemy z pami\u0119ci\u0105 u alkoholika\"},{\"@type\":\"WebSite\",\"@id\":\"https:\/\/esperalchirurg.pl\/blog\/#website\",\"url\":\"https:\/\/esperalchirurg.pl\/blog\/\",\"name\":\"Wszywka alkoholowa Esperal Szczecin\",\"description\":\"\",\"potentialAction\":[{\"@type\":\"SearchAction\",\"target\":{\"@type\":\"EntryPoint\",\"urlTemplate\":\"https:\/\/esperalchirurg.pl\/blog\/?s={search_term_string}\"},\"query-input\":\"required name=search_term_string\"}],\"inLanguage\":\"pl-PL\"},{\"@type\":\"Person\",\"@id\":\"https:\/\/esperalchirurg.pl\/blog\/#\/schema\/person\/8badbad1d5b693085a9c6d7bec17cea5\",\"name\":\"qwg\",\"image\":{\"@type\":\"ImageObject\",\"inLanguage\":\"pl-PL\",\"@id\":\"https:\/\/esperalchirurg.pl\/blog\/#\/schema\/person\/image\/\",\"url\":\"https:\/\/secure.gravatar.com\/avatar\/ef9e5462891c14a57c8dd079726235fa9341e91a115912cb6817f40b2f68d15e?s=96&d=mm&r=g\",\"contentUrl\":\"https:\/\/secure.gravatar.com\/avatar\/ef9e5462891c14a57c8dd079726235fa9341e91a115912cb6817f40b2f68d15e?s=96&d=mm&r=g\",\"caption\":\"qwg\"},\"url\":\"https:\/\/esperalchirurg.pl\/blog\/author\/qwg\/\"}]}<\/script>\n<!-- \/ Yoast SEO plugin. -->","yoast_head_json":{"title":"Problemy z pami\u0119ci\u0105 u alkoholika \u2013 poznaj pierwsze objawy - Wszywka alkoholowa Esperal Szczecin","description":"Demencja alkoholowa, zesp\u00f3\u0142 Korsakowa, a mo\u017ce uszkodzenia m\u00f3zgu? Jakie s\u0105 przyczyny problem\u00f3w z pami\u0119ci\u0105 u alkoholik\u00f3w? Jak je rozpozna\u0107 i pokona\u0107?","robots":{"index":"index","follow":"follow","max-snippet":"max-snippet:-1","max-image-preview":"max-image-preview:large","max-video-preview":"max-video-preview:-1"},"canonical":"https:\/\/esperalchirurg.pl\/blog\/problemy-z-pamiecia-u-alkoholika-poznaj-pierwsze-objawy\/","og_locale":"pl_PL","og_type":"article","og_title":"Problemy z pami\u0119ci\u0105 u alkoholika \u2013 poznaj pierwsze objawy - Wszywka alkoholowa Esperal Szczecin","og_description":"Demencja alkoholowa, zesp\u00f3\u0142 Korsakowa, a mo\u017ce uszkodzenia m\u00f3zgu? Jakie s\u0105 przyczyny problem\u00f3w z pami\u0119ci\u0105 u alkoholik\u00f3w? Jak je rozpozna\u0107 i pokona\u0107?","og_url":"https:\/\/esperalchirurg.pl\/blog\/problemy-z-pamiecia-u-alkoholika-poznaj-pierwsze-objawy\/","og_site_name":"Wszywka alkoholowa Esperal Szczecin","article_published_time":"2021-08-31T17:45:57+00:00","article_modified_time":"2021-08-31T18:00:00+00:00","og_image":[{"width":640,"height":426,"url":"https:\/\/esperalchirurg.pl\/blog\/wp-content\/uploads\/2021\/08\/notebook-1939358_640.jpg","type":"image\/jpeg"}],"author":"qwg","twitter_card":"summary_large_image","twitter_misc":{"Napisane przez":"qwg","Szacowany czas czytania":"5 minut"},"schema":{"@context":"https:\/\/schema.org","@graph":[{"@type":"WebPage","@id":"https:\/\/esperalchirurg.pl\/blog\/problemy-z-pamiecia-u-alkoholika-poznaj-pierwsze-objawy\/","url":"https:\/\/esperalchirurg.pl\/blog\/problemy-z-pamiecia-u-alkoholika-poznaj-pierwsze-objawy\/","name":"Problemy z pami\u0119ci\u0105 u alkoholika \u2013 poznaj pierwsze objawy - Wszywka alkoholowa Esperal Szczecin","isPartOf":{"@id":"https:\/\/esperalchirurg.pl\/blog\/#website"},"primaryImageOfPage":{"@id":"https:\/\/esperalchirurg.pl\/blog\/problemy-z-pamiecia-u-alkoholika-poznaj-pierwsze-objawy\/#primaryimage"},"image":{"@id":"https:\/\/esperalchirurg.pl\/blog\/problemy-z-pamiecia-u-alkoholika-poznaj-pierwsze-objawy\/#primaryimage"},"thumbnailUrl":"https:\/\/esperalchirurg.pl\/blog\/wp-content\/uploads\/2021\/08\/notebook-1939358_640.jpg","datePublished":"2021-08-31T17:45:57+00:00","dateModified":"2021-08-31T18:00:00+00:00","author":{"@id":"https:\/\/esperalchirurg.pl\/blog\/#\/schema\/person\/8badbad1d5b693085a9c6d7bec17cea5"},"description":"Demencja alkoholowa, zesp\u00f3\u0142 Korsakowa, a mo\u017ce uszkodzenia m\u00f3zgu? Jakie s\u0105 przyczyny problem\u00f3w z pami\u0119ci\u0105 u alkoholik\u00f3w? Jak je rozpozna\u0107 i pokona\u0107?","inLanguage":"pl-PL","potentialAction":[{"@type":"ReadAction","target":["https:\/\/esperalchirurg.pl\/blog\/problemy-z-pamiecia-u-alkoholika-poznaj-pierwsze-objawy\/"]}]},{"@type":"ImageObject","inLanguage":"pl-PL","@id":"https:\/\/esperalchirurg.pl\/blog\/problemy-z-pamiecia-u-alkoholika-poznaj-pierwsze-objawy\/#primaryimage","url":"https:\/\/esperalchirurg.pl\/blog\/wp-content\/uploads\/2021\/08\/notebook-1939358_640.jpg","contentUrl":"https:\/\/esperalchirurg.pl\/blog\/wp-content\/uploads\/2021\/08\/notebook-1939358_640.jpg","width":640,"height":426,"caption":"Problemy z pami\u0119ci\u0105 u alkoholika"},{"@type":"WebSite","@id":"https:\/\/esperalchirurg.pl\/blog\/#website","url":"https:\/\/esperalchirurg.pl\/blog\/","name":"Wszywka alkoholowa Esperal Szczecin","description":"","potentialAction":[{"@type":"SearchAction","target":{"@type":"EntryPoint","urlTemplate":"https:\/\/esperalchirurg.pl\/blog\/?s={search_term_string}"},"query-input":"required name=search_term_string"}],"inLanguage":"pl-PL"},{"@type":"Person","@id":"https:\/\/esperalchirurg.pl\/blog\/#\/schema\/person\/8badbad1d5b693085a9c6d7bec17cea5","name":"qwg","image":{"@type":"ImageObject","inLanguage":"pl-PL","@id":"https:\/\/esperalchirurg.pl\/blog\/#\/schema\/person\/image\/","url":"https:\/\/secure.gravatar.com\/avatar\/ef9e5462891c14a57c8dd079726235fa9341e91a115912cb6817f40b2f68d15e?s=96&d=mm&r=g","contentUrl":"https:\/\/secure.gravatar.com\/avatar\/ef9e5462891c14a57c8dd079726235fa9341e91a115912cb6817f40b2f68d15e?s=96&d=mm&r=g","caption":"qwg"},"url":"https:\/\/esperalchirurg.pl\/blog\/author\/qwg\/"}]}},"_links":{"self":[{"href":"https:\/\/esperalchirurg.pl\/blog\/wp-json\/wp\/v2\/posts\/11","targetHints":{"allow":["GET"]}}],"collection":[{"href":"https:\/\/esperalchirurg.pl\/blog\/wp-json\/wp\/v2\/posts"}],"about":[{"href":"https:\/\/esperalchirurg.pl\/blog\/wp-json\/wp\/v2\/types\/post"}],"author":[{"embeddable":true,"href":"https:\/\/esperalchirurg.pl\/blog\/wp-json\/wp\/v2\/users\/1"}],"replies":[{"embeddable":true,"href":"https:\/\/esperalchirurg.pl\/blog\/wp-json\/wp\/v2\/comments?post=11"}],"version-history":[{"count":2,"href":"https:\/\/esperalchirurg.pl\/blog\/wp-json\/wp\/v2\/posts\/11\/revisions"}],"predecessor-version":[{"id":15,"href":"https:\/\/esperalchirurg.pl\/blog\/wp-json\/wp\/v2\/posts\/11\/revisions\/15"}],"wp:featuredmedia":[{"embeddable":true,"href":"https:\/\/esperalchirurg.pl\/blog\/wp-json\/wp\/v2\/media\/17"}],"wp:attachment":[{"href":"https:\/\/esperalchirurg.pl\/blog\/wp-json\/wp\/v2\/media?parent=11"}],"wp:term":[{"taxonomy":"category","embeddable":true,"href":"https:\/\/esperalchirurg.pl\/blog\/wp-json\/wp\/v2\/categories?post=11"},{"taxonomy":"post_tag","embeddable":true,"href":"https:\/\/esperalchirurg.pl\/blog\/wp-json\/wp\/v2\/tags?post=11"}],"curies":[{"name":"wp","href":"https:\/\/api.w.org\/{rel}","templated":true}]}}